{"id":10691,"date":"2020-01-19T20:03:16","date_gmt":"2020-01-19T19:03:16","guid":{"rendered":"https:\/\/amspanish.com\/el-presente-en-espanol-conjugacion-de-verbos-regulares-paso-a-paso\/"},"modified":"2025-06-18T09:43:51","modified_gmt":"2025-06-18T07:43:51","slug":"el-presente-en-espanol-conjugacion-de-verbos-regulares-paso-a-paso","status":"publish","type":"post","link":"https:\/\/amspanish.com\/es\/el-presente-en-espanol-conjugacion-de-verbos-regulares-paso-a-paso\/","title":{"rendered":"El presente en espa\u00f1ol: Conjugaci\u00f3n de verbos regulares paso a paso"},"content":{"rendered":"\n<p class=\"has-text-align-center has-medium-font-size wp-block-paragraph\">Hoy vamos a aprender <strong>la conjugaci\u00f3n del presente en espa\u00f1ol <\/strong> (verbos regulares).  <\/p>\n\n<p class=\"has-text-align-center has-medium-font-size wp-block-paragraph\">Este es<strong> el primer verbo que debes aprender <\/strong>si eres <strong>principiante <\/strong>en espa\u00f1ol y&#8230; s\u00ed, lo s\u00e9, la conjugaci\u00f3n puede ser aburrida, pero es necesaria si quieres<strong> hablar y progresar con tu espa\u00f1ol.<\/strong><\/p>\n\n<p class=\"has-medium-font-size wp-block-paragraph\">  Echa un vistazo a la <strong>Videolecci\u00f3n de YouTube<\/strong> (audio en espa\u00f1ol con subt\u00edtulos en ingl\u00e9s) lee la explicaci\u00f3n que aparece a continuaci\u00f3n, y practica con los<strong> ejercicios interactivos<\/strong>.  <\/p>\n\n<div style=\"height:48px\" aria-hidden=\"true\" class=\"wp-block-spacer\"><\/div>\n\n<h4 class=\"wp-block-heading has-text-align-center\">  Presente espa\u00f1ol<\/h4>\n\n<h2 class=\"wp-block-heading has-text-align-center has-text-color\" style=\"color:#ff914d\"><strong>  Lecci\u00f3n en v\u00eddeo de YouTube<\/strong> <\/h2>\n\n<div style=\"height:33px\" aria-hidden=\"true\" class=\"wp-block-spacer\"><\/div>\n\n<figure class=\"wp-block-embed is-type-video is-provider-youtube wp-block-embed-youtube wp-embed-aspect-16-9 wp-has-aspect-ratio\"><div class=\"wp-block-embed__wrapper\">\n<iframe title=\"\ud83e\udd13 How to conjugate the present tense in Spanish. (A1)  \ud83c\uddea\ud83c\uddf8 audio \ud83c\uddec\ud83c\udde7  subtitles\" width=\"1200\" height=\"675\" src=\"https:\/\/www.youtube.com\/embed\/5cGAZ1uzMAc?start=14&amp;feature=oembed\" frameborder=\"0\" allow=\"accelerometer; autoplay; clipboard-write; encrypted-media; gyroscope; picture-in-picture; web-share\" referrerpolicy=\"strict-origin-when-cross-origin\" allowfullscreen><\/iframe>\n<\/div><\/figure>\n\n<div style=\"height:74px\" aria-hidden=\"true\" class=\"wp-block-spacer\"><\/div>\n\n<h4 class=\"wp-block-heading has-text-align-center\">Presente espa\u00f1ol<\/h4>\n\n<h2 class=\"wp-block-heading has-text-align-center has-text-color\" style=\"color:#ff914d\"><strong>El presente : la conjugaci\u00f3n<\/strong><\/h2>\n\n<div style=\"height:47px\" aria-hidden=\"true\" class=\"wp-block-spacer\"><\/div>\n\n<p class=\"has-text-align-center has-medium-font-size wp-block-paragraph\">En espa\u00f1ol, los verbos se conjugan<strong> de tres formas distintas<\/strong>, seg\u00fan sus terminaciones:  <\/p>\n\n<p class=\"has-text-align-center has-medium-font-size wp-block-paragraph\"><strong>-ar<\/strong> (primera conjugaci\u00f3n), <strong> -er<\/strong> (segunda conjugaci\u00f3n) e <strong>-ir<\/strong> (tercera conjugaci\u00f3n)<\/p>\n\n<p class=\"has-text-align-center has-medium-font-size wp-block-paragraph\"><strong>hablar<\/strong> &#8211; hablar<\/p>\n\n<p class=\"has-text-align-center has-medium-font-size wp-block-paragraph\"><strong>comer<\/strong> &#8211; comer<\/p>\n\n<p class=\"has-text-align-center has-medium-font-size wp-block-paragraph\"><strong>vivir<\/strong> &#8211; vivir<\/p>\n\n<div style=\"height:11px\" aria-hidden=\"true\" class=\"wp-block-spacer\"><\/div>\n\n<p class=\"has-text-align-center has-medium-font-size wp-block-paragraph\"><strong>Conjugar es hacer que un verbo concuerde con su sujeto <\/strong><strong>(yo, t\u00fa, \u00e9l, ella&#8230;<\/strong>)<\/p>\n\n<div style=\"height:35px\" aria-hidden=\"true\" class=\"wp-block-spacer\"><\/div>\n\n<p class=\"has-text-align-center wp-block-paragraph\">Sigue <strong>estos 3 pasos<\/strong> para conjugar los verbos en presente:<\/p>\n\n<p class=\"has-text-align-center has-medium-font-size wp-block-paragraph\">1. Elige un infinitivo: <strong>hablar<\/strong><\/p>\n\n<p class=\"has-text-align-center has-medium-font-size wp-block-paragraph\">2. Elimina la terminaci\u00f3n: <strong>habl<\/strong> &#8211;<strong> ar<\/strong><\/p>\n\n<p class=\"has-text-align-center has-medium-font-size wp-block-paragraph\">3. A\u00f1ade la terminaci\u00f3n correcta para cada pronombre <b>(yo, t\u00fa, \u00e9l&#8230;)<\/b> al final.<strong>(Echa un vistazo a la infograf\u00eda de abajo para ver las nuevas terminaciones). <\/strong> <\/p>\n\n<div style=\"height:75px\" aria-hidden=\"true\" class=\"wp-block-spacer\"><\/div>\n\n<p class=\"has-text-align-center wp-block-paragraph\"><strong><em>Ejemplos:<\/em><\/strong><\/p>\n\n<p class=\"has-text-align-center has-medium-font-size wp-block-paragraph\">yo <strong>habl-o<\/strong> (yo hablo)<\/p>\n\n<p class=\"has-text-align-center has-accent-color has-text-color wp-block-paragraph\"><strong>Yo hablo espa\u00f1ol con mis amigos espa\u00f1oles<\/strong><\/p>\n\n<div style=\"height:28px\" aria-hidden=\"true\" class=\"wp-block-spacer\"><\/div>\n\n<p class=\"has-text-align-center has-medium-font-size wp-block-paragraph\">t\u00fa habl <strong>-as <\/strong> (t\u00fa hablas)<\/p>\n\n<p class=\"has-text-align-center has-accent-color has-text-color wp-block-paragraph\"><strong>\u00bfT\u00fa hablas espa\u00f1ol?<\/strong><\/p>\n\n<div style=\"height:29px\" aria-hidden=\"true\" class=\"wp-block-spacer\"><\/div>\n\n<p class=\"has-text-align-center has-medium-font-size wp-block-paragraph\">\u00e9l \/ella habl- <strong>a<\/strong> (habla)<\/p>\n\n<p class=\"has-text-align-center has-accent-color has-text-color wp-block-paragraph\"><strong>  Ella habla un poco de espa\u00f1ol<\/strong><\/p>\n\n<div style=\"height:50px\" aria-hidden=\"true\" class=\"wp-block-spacer\"><\/div>\n\n<p class=\"has-text-align-center has-medium-font-size wp-block-paragraph\">Para cada tipo de verbo -ar, -er o -ir, emparejamos el verbo con cada pronombre personal sujeto, y<strong> estas nuevas terminaciones son diferentes para cada verbo -ar, -er y -ir<\/strong>,<strong> como puedes ver en la tabla siguiente.<\/strong><\/p>\n\n<div style=\"height:39px\" aria-hidden=\"true\" class=\"wp-block-spacer\"><\/div>\n\n<figure class=\"wp-block-image size-full\"><img fetchpriority=\"high\" decoding=\"async\" width=\"700\" height=\"500\" src=\"https:\/\/amspanish.com\/wp-content\/uploads\/2023\/05\/EL-PRESENTE.png\" alt=\"El presente en espa&#xF1;ol\" class=\"wp-image-7095\"\/><\/figure>\n\n<div style=\"height:100px\" aria-hidden=\"true\" class=\"wp-block-spacer\"><\/div>\n\n<h4 class=\"wp-block-heading has-text-align-center\">Presente espa\u00f1ol<\/h4>\n\n<h2 class=\"wp-block-heading has-text-align-center has-text-color has-link-color wp-elements-1\" style=\"color:#ff914d\"><strong>Algunos verbos regulares en presente<\/strong>: Diapositivas<\/h2>\n\n<div style=\"height:39px\" aria-hidden=\"true\" class=\"wp-block-spacer\"><\/div>\n\n<p class=\"has-text-align-center wp-block-paragraph\"><div class=\"h5p-iframe-wrapper\"><iframe id=\"h5p-iframe-115\" class=\"h5p-iframe\" data-content-id=\"115\" style=\"height:1px\" src=\"about:blank\" frameBorder=\"0\" scrolling=\"no\" title=\"EL PRESENTE: Algunos verbos REGULARES en -ar \/ -er \/ -ir\"><\/iframe><\/div><\/p>\n\n<div style=\"height:128px\" aria-hidden=\"true\" class=\"wp-block-spacer\"><\/div>\n\n<h4 class=\"wp-block-heading has-text-align-center\">Presente espa\u00f1ol<\/h4>\n\n<h2 class=\"wp-block-heading has-text-align-center has-text-color\" id=\"let-s-practice-the-present-tense-in-spanish-ready\" style=\"color:#ff914d\"><strong>Ejercicios interactivos<\/strong><\/h2>\n\n<div style=\"height:39px\" aria-hidden=\"true\" class=\"wp-block-spacer\"><\/div>\n\n<h3 class=\"wp-block-heading has-text-align-center has-text-color\" id=\"let-s-practice-the-present-tense-in-spanish-ready\" style=\"color:#ff914d\">EJERCICIO 1<\/h3>\n\n<iframe src=\"https:\/\/learningapps.org\/watch?v=pxmcxbvs223\" style=\"border:0px;width:100%;height:500px\" allowfullscreen=\"true\" webkitallowfullscreen=\"true\" mozallowfullscreen=\"true\"><\/iframe>\n\n<div style=\"height:80px\" aria-hidden=\"true\" class=\"wp-block-spacer\"><\/div>\n\n<h3 class=\"wp-block-heading has-text-align-center has-text-color\" id=\"let-s-practice-the-present-tense-in-spanish-ready\" style=\"color:#ff914d\">EJERCICIO 2<\/h3>\n\n<iframe src=\"https:\/\/learningapps.org\/watch?v=pwk96ot0t20\" style=\"border:0px;width:100%;height:500px\" allowfullscreen=\"true\" webkitallowfullscreen=\"true\" mozallowfullscreen=\"true\"><\/iframe>\n\n<div style=\"height:80px\" aria-hidden=\"true\" class=\"wp-block-spacer\"><\/div>\n\n<h3 class=\"wp-block-heading has-text-align-center has-text-color\" id=\"let-s-practice-the-present-tense-in-spanish-ready\" style=\"color:#ff914d\">EJERCICIO 3<\/h3>\n<p><iframe src=\"https:\/\/learningapps.org\/watch?v=pb2pp5m9t20\" style=\"border:0px;width:100%;height:500px\" allowfullscreen=\"true\" webkitallowfullscreen=\"true\" mozallowfullscreen=\"true\"><\/iframe><\/p>\n\n<h3 class=\"wp-block-heading has-text-align-center has-vivid-cyan-blue-color has-text-color\" id=\"practice-at-your-own-pace\"><\/h3>\n\n<div style=\"height:122px\" aria-hidden=\"true\" class=\"wp-block-spacer\"><\/div>\n\n<h4 class=\"wp-block-heading has-text-align-center\">Presente espa\u00f1ol<\/h4>\n\n<h2 class=\"wp-block-heading has-text-align-center has-text-color\" id=\"practice-at-your-own-pace\" style=\"color:#ff914d\"><strong>Practica a tu ritmo&#8230;<\/strong><\/h2>\n\n<div class=\"wp-block-columns is-layout-flex wp-container-core-columns-is-layout-8f761849 wp-block-columns-is-layout-flex\">\n<div class=\"wp-block-column is-layout-flow wp-block-column-is-layout-flow\" style=\"flex-basis:66.66%\">\n<figure class=\"wp-block-image size-large\"><img decoding=\"async\" width=\"1200\" height=\"1080\" src=\"https:\/\/amspanish.com\/wp-content\/uploads\/2021\/06\/ESCAPARATE.png\" alt=\"\" class=\"wp-image-3747\" srcset=\"https:\/\/amspanish.com\/wp-content\/uploads\/2021\/06\/ESCAPARATE.png 1200w, https:\/\/amspanish.com\/wp-content\/uploads\/2021\/06\/ESCAPARATE-768x691.png 768w\" sizes=\"(max-width: 1200px) 100vw, 1200px\" \/><\/figure>\n<\/div>\n\n\n\n<div class=\"wp-block-column is-layout-flow wp-block-column-is-layout-flow\" style=\"flex-basis:33.33%\">\n<p class=\"wp-block-paragraph\"><\/p>\n\n\n\n<h3 class=\"wp-block-heading has-text-align-center\" id=\"the-present-tense-in-spanish-regular-verbs\">Presente espa\u00f1ol (verbos regulares)<\/h3>\n\n\n\n<p class=\"has-text-align-center wp-block-paragraph\">Descarga la infograf\u00eda + <strong>15 <\/strong>ejercicios para practicar la conjugaci\u00f3n + Soluciones en un documento PDF<\/p>\n\n\n\n<div class=\"wp-block-columns is-layout-flex wp-container-core-columns-is-layout-8f761849 wp-block-columns-is-layout-flex\">\n<div class=\"wp-block-column is-layout-flow wp-block-column-is-layout-flow\">\n<div class=\"wp-block-buttons alignwide has-custom-font-size has-medium-font-size is-content-justification-center is-layout-flex wp-container-core-buttons-is-layout-fe48e5de wp-block-buttons-is-layout-flex\">\n<div class=\"wp-block-button\"><a class=\"wp-block-button__link has-base-3-color has-accent-background-color has-text-color has-background has-link-color has-text-align-center wp-element-button\" href=\"https:\/\/am-spanishlessons.systeme.io\/shop\" style=\"border-radius:5px\">TIENDA<\/a><\/div>\n<\/div>\n<\/div>\n<\/div>\n<\/div>\n<\/div>\n\n<div style=\"height:66px\" aria-hidden=\"true\" class=\"wp-block-spacer\"><\/div>\n\n<p class=\"has-text-align-center has-medium-font-size wp-block-paragraph\">\u00a1Bien hecho! Ahora, recuerda seguir practicando tu espa\u00f1ol con tu espa\u00f1ol   <\/p>\n\n<p class=\"has-text-align-center has-medium-font-size wp-block-paragraph\">Tambi\u00e9n puedes <strong>mejorar y adquirir fluidez <\/strong>m\u00e1s r\u00e1pidamente con la ayuda de un <strong>profesor de espa\u00f1ol. <\/strong>Descubre c\u00f3mo puedo ayudarte con mis<a href=\"https:\/\/amspanish.com\/es\/lecciones\/\"><strong> clases particulares online<\/strong><\/a><\/p>\n\n<div style=\"height:100px\" aria-hidden=\"true\" class=\"wp-block-spacer\"><\/div>\n","protected":false},"excerpt":{"rendered":"<p>El presente en espa\u00f1ol: Conjugar Verbos Regulares paso a paso + Ejercicios en un documento PDF.<\/p>\n","protected":false},"author":1,"featured_media":9915,"comment_status":"open","ping_status":"open","sticky":false,"template":"","format":"standard","meta":{"footnotes":""},"categories":[238],"tags":[256,260,259,261,262,265,266,258,257,264,263],"class_list":["post-10691","post","type-post","status-publish","format-standard","has-post-thumbnail","hentry","category-sin-categorizar","tag-a1-es","tag-como-conjugar-el-presente-en-espanol","tag-conjugacion-es","tag-conjugar-verbos-en-espanol","tag-leccion-de-video","tag-pdf-es","tag-presente-espanol","tag-presente-simple-es","tag-verbos-es","tag-verbos-espanoles-pdf","tag-verbos-regulares-espanoles-pdf"],"yoast_head":"<!-- This site is optimized with the Yoast SEO plugin v28.1 - https:\/\/yoast.com\/product\/yoast-seo-wordpress\/ -->\n<title>El presente en espa\u00f1ol: Conjugaci\u00f3n de verbos regulares paso a paso - AM Spanish Lessons<\/title>\n<meta name=\"description\" content=\"Aprende a conjugar verbos regulares en espa\u00f1ol en presente con esta gu\u00eda f\u00e1cil y paso a paso. Perfecta para estudiantes A1-A2.\" \/>\n<meta name=\"robots\" content=\"index, follow, max-snippet:-1, max-image-preview:large, max-video-preview:-1\" \/>\n<link rel=\"canonical\" href=\"https:\/\/amspanish.com\/es\/el-presente-en-espanol-conjugacion-de-verbos-regulares-paso-a-paso\/\" \/>\n<meta property=\"og:locale\" content=\"es_ES\" \/>\n<meta property=\"og:type\" content=\"article\" \/>\n<meta property=\"og:title\" content=\"El presente en espa\u00f1ol: Conjugaci\u00f3n de verbos regulares paso a paso - AM Spanish Lessons\" \/>\n<meta property=\"og:description\" content=\"Aprende a conjugar verbos regulares en espa\u00f1ol en presente con esta gu\u00eda f\u00e1cil y paso a paso. Perfecta para estudiantes A1-A2.\" \/>\n<meta property=\"og:url\" content=\"https:\/\/amspanish.com\/es\/el-presente-en-espanol-conjugacion-de-verbos-regulares-paso-a-paso\/\" \/>\n<meta property=\"og:site_name\" content=\"AM Spanish Lessons\" \/>\n<meta property=\"article:publisher\" content=\"https:\/\/www.facebook.com\/amspanishonlinelessons\" \/>\n<meta property=\"article:author\" content=\"https:\/\/www.facebook.com\/amspanishonlinelessons\" \/>\n<meta property=\"article:published_time\" content=\"2020-01-19T19:03:16+00:00\" \/>\n<meta property=\"article:modified_time\" content=\"2025-06-18T07:43:51+00:00\" \/>\n<meta property=\"og:image\" content=\"https:\/\/amspanish.com\/wp-content\/uploads\/2020\/01\/present-tense-in-Spanish.png\" \/>\n\t<meta property=\"og:image:width\" content=\"800\" \/>\n\t<meta property=\"og:image:height\" content=\"520\" \/>\n\t<meta property=\"og:image:type\" content=\"image\/png\" \/>\n<meta name=\"author\" content=\"Amparo\" \/>\n<meta name=\"twitter:card\" content=\"summary_large_image\" \/>\n<meta name=\"twitter:label1\" content=\"Escrito por\" \/>\n\t<meta name=\"twitter:data1\" content=\"Amparo\" \/>\n\t<meta name=\"twitter:label2\" content=\"Tiempo de lectura\" \/>\n\t<meta name=\"twitter:data2\" content=\"2 minutos\" \/>\n<script type=\"application\/ld+json\" class=\"yoast-schema-graph\">{\"@context\":\"https:\\\/\\\/schema.org\",\"@graph\":[{\"@type\":\"Article\",\"@id\":\"https:\\\/\\\/amspanish.com\\\/es\\\/el-presente-en-espanol-conjugacion-de-verbos-regulares-paso-a-paso\\\/#article\",\"isPartOf\":{\"@id\":\"https:\\\/\\\/amspanish.com\\\/es\\\/el-presente-en-espanol-conjugacion-de-verbos-regulares-paso-a-paso\\\/\"},\"author\":{\"name\":\"Amparo\",\"@id\":\"https:\\\/\\\/amspanish.com\\\/es\\\/#\\\/schema\\\/person\\\/5ec72f86154b8974dad6bd7da6ec8e99\"},\"headline\":\"El presente en espa\u00f1ol: Conjugaci\u00f3n de verbos regulares paso a paso\",\"datePublished\":\"2020-01-19T19:03:16+00:00\",\"dateModified\":\"2025-06-18T07:43:51+00:00\",\"mainEntityOfPage\":{\"@id\":\"https:\\\/\\\/amspanish.com\\\/es\\\/el-presente-en-espanol-conjugacion-de-verbos-regulares-paso-a-paso\\\/\"},\"wordCount\":388,\"commentCount\":0,\"publisher\":{\"@id\":\"https:\\\/\\\/amspanish.com\\\/es\\\/#\\\/schema\\\/person\\\/5ec72f86154b8974dad6bd7da6ec8e99\"},\"image\":{\"@id\":\"https:\\\/\\\/amspanish.com\\\/es\\\/el-presente-en-espanol-conjugacion-de-verbos-regulares-paso-a-paso\\\/#primaryimage\"},\"thumbnailUrl\":\"https:\\\/\\\/amspanish.com\\\/wp-content\\\/uploads\\\/2020\\\/01\\\/present-tense-in-Spanish.png\",\"keywords\":[\"A1\",\"c\u00f3mo conjugar el presente en espa\u00f1ol\",\"conjugaci\u00f3n\",\"conjugar verbos en espa\u00f1ol\",\"Lecci\u00f3n de v\u00eddeo\",\"pdf\",\"Presente espa\u00f1ol\",\"presente simple\",\"verbos\",\"Verbos espa\u00f1oles pdf\",\"Verbos regulares espa\u00f1oles pdf\"],\"articleSection\":[\"Sin categorizar\"],\"inLanguage\":\"es\",\"potentialAction\":[{\"@type\":\"CommentAction\",\"name\":\"Comment\",\"target\":[\"https:\\\/\\\/amspanish.com\\\/es\\\/el-presente-en-espanol-conjugacion-de-verbos-regulares-paso-a-paso\\\/#respond\"]}]},{\"@type\":\"WebPage\",\"@id\":\"https:\\\/\\\/amspanish.com\\\/es\\\/el-presente-en-espanol-conjugacion-de-verbos-regulares-paso-a-paso\\\/\",\"url\":\"https:\\\/\\\/amspanish.com\\\/es\\\/el-presente-en-espanol-conjugacion-de-verbos-regulares-paso-a-paso\\\/\",\"name\":\"El presente en espa\u00f1ol: Conjugaci\u00f3n de verbos regulares paso a paso - AM Spanish Lessons\",\"isPartOf\":{\"@id\":\"https:\\\/\\\/amspanish.com\\\/es\\\/#website\"},\"primaryImageOfPage\":{\"@id\":\"https:\\\/\\\/amspanish.com\\\/es\\\/el-presente-en-espanol-conjugacion-de-verbos-regulares-paso-a-paso\\\/#primaryimage\"},\"image\":{\"@id\":\"https:\\\/\\\/amspanish.com\\\/es\\\/el-presente-en-espanol-conjugacion-de-verbos-regulares-paso-a-paso\\\/#primaryimage\"},\"thumbnailUrl\":\"https:\\\/\\\/amspanish.com\\\/wp-content\\\/uploads\\\/2020\\\/01\\\/present-tense-in-Spanish.png\",\"datePublished\":\"2020-01-19T19:03:16+00:00\",\"dateModified\":\"2025-06-18T07:43:51+00:00\",\"description\":\"Aprende a conjugar verbos regulares en espa\u00f1ol en presente con esta gu\u00eda f\u00e1cil y paso a paso. Perfecta para estudiantes A1-A2.\",\"breadcrumb\":{\"@id\":\"https:\\\/\\\/amspanish.com\\\/es\\\/el-presente-en-espanol-conjugacion-de-verbos-regulares-paso-a-paso\\\/#breadcrumb\"},\"inLanguage\":\"es\",\"potentialAction\":[{\"@type\":\"ReadAction\",\"target\":[\"https:\\\/\\\/amspanish.com\\\/es\\\/el-presente-en-espanol-conjugacion-de-verbos-regulares-paso-a-paso\\\/\"]}]},{\"@type\":\"ImageObject\",\"inLanguage\":\"es\",\"@id\":\"https:\\\/\\\/amspanish.com\\\/es\\\/el-presente-en-espanol-conjugacion-de-verbos-regulares-paso-a-paso\\\/#primaryimage\",\"url\":\"https:\\\/\\\/amspanish.com\\\/wp-content\\\/uploads\\\/2020\\\/01\\\/present-tense-in-Spanish.png\",\"contentUrl\":\"https:\\\/\\\/amspanish.com\\\/wp-content\\\/uploads\\\/2020\\\/01\\\/present-tense-in-Spanish.png\",\"width\":800,\"height\":520},{\"@type\":\"BreadcrumbList\",\"@id\":\"https:\\\/\\\/amspanish.com\\\/es\\\/el-presente-en-espanol-conjugacion-de-verbos-regulares-paso-a-paso\\\/#breadcrumb\",\"itemListElement\":[{\"@type\":\"ListItem\",\"position\":1,\"name\":\"Portada\",\"item\":\"https:\\\/\\\/amspanish.com\\\/es\\\/\"},{\"@type\":\"ListItem\",\"position\":2,\"name\":\"El presente en espa\u00f1ol: Conjugaci\u00f3n de verbos regulares paso a paso\"}]},{\"@type\":\"WebSite\",\"@id\":\"https:\\\/\\\/amspanish.com\\\/es\\\/#website\",\"url\":\"https:\\\/\\\/amspanish.com\\\/es\\\/\",\"name\":\"AM Spanish Lessons\",\"description\":\"Spanish online lessons\",\"publisher\":{\"@id\":\"https:\\\/\\\/amspanish.com\\\/es\\\/#\\\/schema\\\/person\\\/5ec72f86154b8974dad6bd7da6ec8e99\"},\"potentialAction\":[{\"@type\":\"SearchAction\",\"target\":{\"@type\":\"EntryPoint\",\"urlTemplate\":\"https:\\\/\\\/amspanish.com\\\/es\\\/?s={search_term_string}\"},\"query-input\":{\"@type\":\"PropertyValueSpecification\",\"valueRequired\":true,\"valueName\":\"search_term_string\"}}],\"inLanguage\":\"es\"},{\"@type\":[\"Person\",\"Organization\"],\"@id\":\"https:\\\/\\\/amspanish.com\\\/es\\\/#\\\/schema\\\/person\\\/5ec72f86154b8974dad6bd7da6ec8e99\",\"name\":\"Amparo\",\"image\":{\"@type\":\"ImageObject\",\"inLanguage\":\"es\",\"@id\":\"https:\\\/\\\/amspanish.com\\\/wp-content\\\/uploads\\\/2023\\\/11\\\/cropped-SmallLogo.jpg\",\"url\":\"https:\\\/\\\/amspanish.com\\\/wp-content\\\/uploads\\\/2023\\\/11\\\/cropped-SmallLogo.jpg\",\"contentUrl\":\"https:\\\/\\\/amspanish.com\\\/wp-content\\\/uploads\\\/2023\\\/11\\\/cropped-SmallLogo.jpg\",\"width\":500,\"height\":283,\"caption\":\"Amparo\"},\"logo\":{\"@id\":\"https:\\\/\\\/amspanish.com\\\/wp-content\\\/uploads\\\/2023\\\/11\\\/cropped-SmallLogo.jpg\"},\"sameAs\":[\"https:\\\/\\\/www.facebook.com\\\/amspanishonlinelessons\",\"https:\\\/\\\/www.youtube.com\\\/channel\\\/UCDLf_wszHZez40abRqwYhKw\"],\"url\":\"https:\\\/\\\/amspanish.com\\\/es\\\/author\\\/amparo\\\/\"}]}<\/script>\n<!-- \/ Yoast SEO plugin. -->","yoast_head_json":{"title":"El presente en espa\u00f1ol: Conjugaci\u00f3n de verbos regulares paso a paso - AM Spanish Lessons","description":"Aprende a conjugar verbos regulares en espa\u00f1ol en presente con esta gu\u00eda f\u00e1cil y paso a paso. Perfecta para estudiantes A1-A2.","robots":{"index":"index","follow":"follow","max-snippet":"max-snippet:-1","max-image-preview":"max-image-preview:large","max-video-preview":"max-video-preview:-1"},"canonical":"https:\/\/amspanish.com\/es\/el-presente-en-espanol-conjugacion-de-verbos-regulares-paso-a-paso\/","og_locale":"es_ES","og_type":"article","og_title":"El presente en espa\u00f1ol: Conjugaci\u00f3n de verbos regulares paso a paso - AM Spanish Lessons","og_description":"Aprende a conjugar verbos regulares en espa\u00f1ol en presente con esta gu\u00eda f\u00e1cil y paso a paso. Perfecta para estudiantes A1-A2.","og_url":"https:\/\/amspanish.com\/es\/el-presente-en-espanol-conjugacion-de-verbos-regulares-paso-a-paso\/","og_site_name":"AM Spanish Lessons","article_publisher":"https:\/\/www.facebook.com\/amspanishonlinelessons","article_author":"https:\/\/www.facebook.com\/amspanishonlinelessons","article_published_time":"2020-01-19T19:03:16+00:00","article_modified_time":"2025-06-18T07:43:51+00:00","og_image":[{"width":800,"height":520,"url":"https:\/\/amspanish.com\/wp-content\/uploads\/2020\/01\/present-tense-in-Spanish.png","type":"image\/png"}],"author":"Amparo","twitter_card":"summary_large_image","twitter_misc":{"Escrito por":"Amparo","Tiempo de lectura":"2 minutos"},"schema":{"@context":"https:\/\/schema.org","@graph":[{"@type":"Article","@id":"https:\/\/amspanish.com\/es\/el-presente-en-espanol-conjugacion-de-verbos-regulares-paso-a-paso\/#article","isPartOf":{"@id":"https:\/\/amspanish.com\/es\/el-presente-en-espanol-conjugacion-de-verbos-regulares-paso-a-paso\/"},"author":{"name":"Amparo","@id":"https:\/\/amspanish.com\/es\/#\/schema\/person\/5ec72f86154b8974dad6bd7da6ec8e99"},"headline":"El presente en espa\u00f1ol: Conjugaci\u00f3n de verbos regulares paso a paso","datePublished":"2020-01-19T19:03:16+00:00","dateModified":"2025-06-18T07:43:51+00:00","mainEntityOfPage":{"@id":"https:\/\/amspanish.com\/es\/el-presente-en-espanol-conjugacion-de-verbos-regulares-paso-a-paso\/"},"wordCount":388,"commentCount":0,"publisher":{"@id":"https:\/\/amspanish.com\/es\/#\/schema\/person\/5ec72f86154b8974dad6bd7da6ec8e99"},"image":{"@id":"https:\/\/amspanish.com\/es\/el-presente-en-espanol-conjugacion-de-verbos-regulares-paso-a-paso\/#primaryimage"},"thumbnailUrl":"https:\/\/amspanish.com\/wp-content\/uploads\/2020\/01\/present-tense-in-Spanish.png","keywords":["A1","c\u00f3mo conjugar el presente en espa\u00f1ol","conjugaci\u00f3n","conjugar verbos en espa\u00f1ol","Lecci\u00f3n de v\u00eddeo","pdf","Presente espa\u00f1ol","presente simple","verbos","Verbos espa\u00f1oles pdf","Verbos regulares espa\u00f1oles pdf"],"articleSection":["Sin categorizar"],"inLanguage":"es","potentialAction":[{"@type":"CommentAction","name":"Comment","target":["https:\/\/amspanish.com\/es\/el-presente-en-espanol-conjugacion-de-verbos-regulares-paso-a-paso\/#respond"]}]},{"@type":"WebPage","@id":"https:\/\/amspanish.com\/es\/el-presente-en-espanol-conjugacion-de-verbos-regulares-paso-a-paso\/","url":"https:\/\/amspanish.com\/es\/el-presente-en-espanol-conjugacion-de-verbos-regulares-paso-a-paso\/","name":"El presente en espa\u00f1ol: Conjugaci\u00f3n de verbos regulares paso a paso - AM Spanish Lessons","isPartOf":{"@id":"https:\/\/amspanish.com\/es\/#website"},"primaryImageOfPage":{"@id":"https:\/\/amspanish.com\/es\/el-presente-en-espanol-conjugacion-de-verbos-regulares-paso-a-paso\/#primaryimage"},"image":{"@id":"https:\/\/amspanish.com\/es\/el-presente-en-espanol-conjugacion-de-verbos-regulares-paso-a-paso\/#primaryimage"},"thumbnailUrl":"https:\/\/amspanish.com\/wp-content\/uploads\/2020\/01\/present-tense-in-Spanish.png","datePublished":"2020-01-19T19:03:16+00:00","dateModified":"2025-06-18T07:43:51+00:00","description":"Aprende a conjugar verbos regulares en espa\u00f1ol en presente con esta gu\u00eda f\u00e1cil y paso a paso. Perfecta para estudiantes A1-A2.","breadcrumb":{"@id":"https:\/\/amspanish.com\/es\/el-presente-en-espanol-conjugacion-de-verbos-regulares-paso-a-paso\/#breadcrumb"},"inLanguage":"es","potentialAction":[{"@type":"ReadAction","target":["https:\/\/amspanish.com\/es\/el-presente-en-espanol-conjugacion-de-verbos-regulares-paso-a-paso\/"]}]},{"@type":"ImageObject","inLanguage":"es","@id":"https:\/\/amspanish.com\/es\/el-presente-en-espanol-conjugacion-de-verbos-regulares-paso-a-paso\/#primaryimage","url":"https:\/\/amspanish.com\/wp-content\/uploads\/2020\/01\/present-tense-in-Spanish.png","contentUrl":"https:\/\/amspanish.com\/wp-content\/uploads\/2020\/01\/present-tense-in-Spanish.png","width":800,"height":520},{"@type":"BreadcrumbList","@id":"https:\/\/amspanish.com\/es\/el-presente-en-espanol-conjugacion-de-verbos-regulares-paso-a-paso\/#breadcrumb","itemListElement":[{"@type":"ListItem","position":1,"name":"Portada","item":"https:\/\/amspanish.com\/es\/"},{"@type":"ListItem","position":2,"name":"El presente en espa\u00f1ol: Conjugaci\u00f3n de verbos regulares paso a paso"}]},{"@type":"WebSite","@id":"https:\/\/amspanish.com\/es\/#website","url":"https:\/\/amspanish.com\/es\/","name":"AM Spanish Lessons","description":"Spanish online lessons","publisher":{"@id":"https:\/\/amspanish.com\/es\/#\/schema\/person\/5ec72f86154b8974dad6bd7da6ec8e99"},"potentialAction":[{"@type":"SearchAction","target":{"@type":"EntryPoint","urlTemplate":"https:\/\/amspanish.com\/es\/?s={search_term_string}"},"query-input":{"@type":"PropertyValueSpecification","valueRequired":true,"valueName":"search_term_string"}}],"inLanguage":"es"},{"@type":["Person","Organization"],"@id":"https:\/\/amspanish.com\/es\/#\/schema\/person\/5ec72f86154b8974dad6bd7da6ec8e99","name":"Amparo","image":{"@type":"ImageObject","inLanguage":"es","@id":"https:\/\/amspanish.com\/wp-content\/uploads\/2023\/11\/cropped-SmallLogo.jpg","url":"https:\/\/amspanish.com\/wp-content\/uploads\/2023\/11\/cropped-SmallLogo.jpg","contentUrl":"https:\/\/amspanish.com\/wp-content\/uploads\/2023\/11\/cropped-SmallLogo.jpg","width":500,"height":283,"caption":"Amparo"},"logo":{"@id":"https:\/\/amspanish.com\/wp-content\/uploads\/2023\/11\/cropped-SmallLogo.jpg"},"sameAs":["https:\/\/www.facebook.com\/amspanishonlinelessons","https:\/\/www.youtube.com\/channel\/UCDLf_wszHZez40abRqwYhKw"],"url":"https:\/\/amspanish.com\/es\/author\/amparo\/"}]}},"_links":{"self":[{"href":"https:\/\/amspanish.com\/es\/wp-json\/wp\/v2\/posts\/10691","targetHints":{"allow":["GET"]}}],"collection":[{"href":"https:\/\/amspanish.com\/es\/wp-json\/wp\/v2\/posts"}],"about":[{"href":"https:\/\/amspanish.com\/es\/wp-json\/wp\/v2\/types\/post"}],"author":[{"embeddable":true,"href":"https:\/\/amspanish.com\/es\/wp-json\/wp\/v2\/users\/1"}],"replies":[{"embeddable":true,"href":"https:\/\/amspanish.com\/es\/wp-json\/wp\/v2\/comments?post=10691"}],"version-history":[{"count":1,"href":"https:\/\/amspanish.com\/es\/wp-json\/wp\/v2\/posts\/10691\/revisions"}],"predecessor-version":[{"id":10692,"href":"https:\/\/amspanish.com\/es\/wp-json\/wp\/v2\/posts\/10691\/revisions\/10692"}],"wp:featuredmedia":[{"embeddable":true,"href":"https:\/\/amspanish.com\/es\/wp-json\/wp\/v2\/media\/9915"}],"wp:attachment":[{"href":"https:\/\/amspanish.com\/es\/wp-json\/wp\/v2\/media?parent=10691"}],"wp:term":[{"taxonomy":"category","embeddable":true,"href":"https:\/\/amspanish.com\/es\/wp-json\/wp\/v2\/categories?post=10691"},{"taxonomy":"post_tag","embeddable":true,"href":"https:\/\/amspanish.com\/es\/wp-json\/wp\/v2\/tags?post=10691"}],"curies":[{"name":"wp","href":"https:\/\/api.w.org\/{rel}","templated":true}]}}